{"id":7368,"date":"2019-09-22T11:58:00","date_gmt":"2019-09-22T11:58:00","guid":{"rendered":"https:\/\/eurofed.ro\/ro\/?p=7368"},"modified":"2025-02-24T11:59:25","modified_gmt":"2025-02-24T11:59:25","slug":"lansare-proiect-c-r-i-s-centru-de-resurse-integrate-sinoe","status":"publish","type":"post","link":"https:\/\/eurofed.ro\/ro\/lansare-proiect-c-r-i-s-centru-de-resurse-integrate-sinoe\/","title":{"rendered":"Lansare proiect C.R.I.S. \u2013 CENTRU DE RESURSE INTEGRATE SINOE"},"content":{"rendered":"\n<p>Asocia\u021bia pentru Formare, Educa\u021bie \u0219i Dezvoltare\u2013\u201cEUROFED\u201d \u00een calitate de Beneficiar, \u00een parteneriat cu Asocia\u021bia \u201cPROGRESSON\u201d (Partener 1), Comuna \u201cMihai Viteazu\u201d (Partener 2) \u0219i Liceul Tehnologic \u201cMihai Viteazul\u201d (Partener 3) anun\u021b\u0103 lansarea proiectului C.R.I.S.\u2013CENTRU DE RESURSE INTEGRATE SINOE!, cod SMIS 125272.<\/p>\n\n\n\n<p>OBIECTIVUL GENERAL AL PROIECTULUI \u00eel reprezint\u0103 dezvoltarea \u0219i \u00eenfiin\u021barea unui Centru de Resurse Integrate \u00een cadrul c\u0103ruia se vor furniza m\u0103suri\/servicii integrate pentru un num\u0103r de 310 persoane aflate \u00een risc de s\u0103r\u0103cie \u0219i excluziune social\u0103 timp de 36 luni, \u00een vederea reducerii num\u0103rului de persoane aflate \u00een risc de s\u0103r\u0103cie \u0219i excluziune social\u0103 din comunitatea marginalizat\u0103 (non roma) a satului Sinoe, comuna Mihai Viteazu, jude\u021bul Constan\u021ba, zona ITI Delta Dun\u0103rii.<\/p>\n\n\n\n<p>Principalele rezultate a\u0219teptate\/finale \u00een urma implement\u0103rii proiectului sunt:<\/p>\n\n\n\n<p>\u2013 reducerea num\u0103rului de persoane aflate \u00een risc de s\u0103r\u0103cie \u0219i excluziune social\u0103 din comunit\u0103\u021bile marginalizate (non-roma) din teritoriul ITI Delta Dun\u0103rii cu 310 persoane din comunitatea marginalizat\u0103 Sat Sinoe;<\/p>\n\n\n\n<p>\u2013 310 persoane aflate \u00een risc de s\u0103r\u0103cie \u0219i excluziune social\u0103 din comunitatea marginalizat\u0103 \u00eenscrise \u00een cadrul activit\u0103\u021bilor proiectului;<\/p>\n\n\n\n<p>\u2013 cre\u0219terea accesului la educa\u021bie pentru 30 copii pre\u0219colari din comunitatea marginalizat\u0103 prin \u00eenscrierea \u0219i participarea \u00een cadrul atelierelor de crea\u021bie (desen, muzic\u0103, dans, limba englez\u0103);<\/p>\n\n\n\n<p>\u2013 reducerea abandonului pentru 80 elevi din comunitatea marginalizat\u0103 din \u00eenv\u0103\u021b\u0103m\u00e2ntul primar (20 elevi) \u0219i secundar inferior (60 elevi) prin \u00eenscrierea \u0219i participarea \u00een cadrul programului \u0218coal\u0103 Dup\u0103 \u0218coal\u0103;<\/p>\n\n\n\n<p>\u2013 minim 200 persoane aflate \u00een risc de s\u0103r\u0103cie \u0219i excluziune social\u0103 din comunitatea marginalizat\u0103 care vor beneficia de m\u0103suri integrate de ocupare (informare \u0219i consiliere profesional\u0103 \u2013 200 persoane, formare profesional\u0103 \u2013 196 persoane, evaluarea \u0219i certificarea competen\u021belor profesionale dob\u00e2ndite pe alte c\u0103i formale \u2013 4 persoane, mediere pe pia\u021ba muncii \u2013 200 persoane);<\/p>\n\n\n\n<p>\u2013 minim 55 persoane aflate \u00een risc de s\u0103r\u0103cie \u0219i excluziune social\u0103 din comunitatea marginalizat\u0103 \u00eenscrise \u00een grupul \u021bint\u0103 al proiectului vor fi angajate la \u00eencetarea calit\u0103\u021bii de participant \u00een cadrul proiectului;<\/p>\n\n\n\n<p>\u2013 40 persoane aflate \u00een risc de s\u0103r\u0103cie \u0219i excluziune social\u0103 din comunitatea marginalizat\u0103 \u00eenscrise \u00een cadrul sesiunilor de formare antreprenorial\u0103;<\/p>\n\n\n\n<p>\u2013 40 planuri de afaceri elaborate de participan\u021bii la cursurile de formare antreprenorial\u0103 \u0219i \u00eenscrise \u00een cadrul concursului de planuri de afaceri;<\/p>\n\n\n\n<p>\u2013 5 planuri de afaceri selectate \u00een cadrul concursului \u0219i finan\u021bate cu p\u00e2n\u0103 la 25.000 Euro, echivalentul \u00een lei;<\/p>\n\n\n\n<p>\u2013 80 persoane din grupul \u021bint\u0103 vor beneficia de serviciul socio-medical de terapii specializate de recuperare fizic\u0103, psihic\u0103 \u0219i mental\u0103;<\/p>\n\n\n\n<p>\u2013 80 persoane din grupul \u021bint\u0103 vor beneficia de serviciul socio-medical de gimnastic\u0103 \u0219i terapii de relaxare;<\/p>\n\n\n\n<p>\u2013 80 persoane din grupul \u021bint\u0103 vor beneficia de serviciul socio-medical de informare \u0219i consiliere social\u0103 \u0219i psihologic\u0103;<\/p>\n\n\n\n<p>\u2013 930 seturi de analize medicale realizate pentru persoanele \u00eenscrise \u00een grupul \u021bint\u0103;<\/p>\n\n\n\n<p>\u2013 310 persoane din comunitatea marginalizat\u0103 care vor beneficia de servicii de asisten\u021b\u0103 medical\u0103 comunitar\u0103;<\/p>\n\n\n\n<p>\u2013 310 persoane din grupul \u021bint\u0103 vor participa \u0219i beneficia de o Campanie de informare, educare \u0219i con\u0219tientizare cu privire la un stil de via\u021b\u0103 s\u0103n\u0103tos \u0219i igienic;<\/p>\n\n\n\n<p>\u2013 620 seturi cu materiale de igien\u0103 oral\u0103 \u0219i corporal\u0103 distribuite persoanelor din grupul \u021bint\u0103 participante la Campania de informare, educare \u0219i con\u0219tientizare cu privire la un stil de via\u021b\u0103 s\u0103n\u0103tos \u0219i igienic;<\/p>\n\n\n\n<p>\u2013 80 de pachete de echipamente electrocasnice pentru \u00eenc\u0103lzirea locuin\u021bei, prepararea \u0219i p\u0103strarea hranei \u0219i pentru igiena corporal\u0103 (1 sob\u0103 de \u00eenc\u0103lzit \u0219i\/sau 1 frigider \u0219i\/sau 1 aragaz \u0219i\/sau 1 ma\u0219in\u0103 de sp\u0103lat, \u00een func\u021bie de necesit\u0103\u021bile fiec\u0103rei persoane\/gospod\u0103rii \u00eenscrise \u00een grupul \u021bint\u0103 al proiectului) distribuite pentru 80 persoane\/gospod\u0103rii \u00eenscrise \u00een grupul \u021bint\u0103 al proiectului;<\/p>\n\n\n\n<p>\u2013 80 persoane\/gospod\u0103rii \u00eenscrise \u00een grupul \u021bint\u0103 al proiectului \u00ee\u0219i vor reglementa\/dob\u00e2ndii actele de proprietate;<\/p>\n\n\n\n<p>\u2013 50 persoane \u00eenscrise \u00een grupul \u021bint\u0103 al proiectului \u00ee\u0219i vor reglementa actele de stare civil\u0103 \u0219i\/sau pentru ob\u021binerea drepturilor de asisten\u021b\u0103 social\u0103 \u0219i\/sau alte drepturi sociale.<\/p>\n\n\n\n<p>Valoarea total\u0103 a proiectului: 13.931.746,64 LEI; Valoarea cofinan\u021b\u0103rii UE: 13.844.282,01 LEI.<\/p>\n\n\n\n<p>Perioada de implementare a proiectului este de 36 luni, respectiv 17.05.2019 \u2013 16.05.2022.<\/p>\n\n\n\n<p>Proiect cofinan\u021bat din Fondul Social European &nbsp;prin Programul Opera\u021bional Capital Uman 2014-2020.<\/p>\n\n\n\n<p>Date de contact: Asocia\u021bia pentru Formare, Educa\u021bie \u0219i Dezvoltare \u2013 \u201cEUROFED\u201d, ww.eurofed.ro.<\/p>\n","protected":false},"excerpt":{"rendered":"<p>Asocia\u021bia pentru Formare, Educa\u021bie \u0219i Dezvoltare\u2013\u201cEUROFED\u201d \u00een calitate de Beneficiar, \u00een parteneriat cu Asocia\u021bia \u201cPROGRESSON\u201d (Partener 1), Comuna \u201cMihai Viteazu\u201d (Partener 2) \u0219i Liceul Tehnologic \u201cMihai Viteazul\u201d (Partener 3) anun\u021b\u0103 lansarea proiectului C.R.I.S.\u2013CENTRU DE RESURSE INTEGRATE SINOE!, cod SMIS 125272. OBIECTIVUL GENERAL AL PROIECTULUI \u00eel reprezint\u0103 dezvoltarea \u0219i \u00eenfiin\u021barea unui Centru de Resurse Integrate \u00een [&hellip;]<\/p>\n","protected":false},"author":1,"featured_media":0,"comment_status":"open","ping_status":"open","sticky":false,"template":"","format":"standard","meta":{"footnotes":""},"categories":[1],"tags":[],"class_list":["post-7368","post","type-post","status-publish","format-standard","hentry","category-uncategorized"],"_links":{"self":[{"href":"https:\/\/eurofed.ro\/ro\/wp-json\/wp\/v2\/posts\/7368","targetHints":{"allow":["GET"]}}],"collection":[{"href":"https:\/\/eurofed.ro\/ro\/wp-json\/wp\/v2\/posts"}],"about":[{"href":"https:\/\/eurofed.ro\/ro\/wp-json\/wp\/v2\/types\/post"}],"author":[{"embeddable":true,"href":"https:\/\/eurofed.ro\/ro\/wp-json\/wp\/v2\/users\/1"}],"replies":[{"embeddable":true,"href":"https:\/\/eurofed.ro\/ro\/wp-json\/wp\/v2\/comments?post=7368"}],"version-history":[{"count":1,"href":"https:\/\/eurofed.ro\/ro\/wp-json\/wp\/v2\/posts\/7368\/revisions"}],"predecessor-version":[{"id":7369,"href":"https:\/\/eurofed.ro\/ro\/wp-json\/wp\/v2\/posts\/7368\/revisions\/7369"}],"wp:attachment":[{"href":"https:\/\/eurofed.ro\/ro\/wp-json\/wp\/v2\/media?parent=7368"}],"wp:term":[{"taxonomy":"category","embeddable":true,"href":"https:\/\/eurofed.ro\/ro\/wp-json\/wp\/v2\/categories?post=7368"},{"taxonomy":"post_tag","embeddable":true,"href":"https:\/\/eurofed.ro\/ro\/wp-json\/wp\/v2\/tags?post=7368"}],"curies":[{"name":"wp","href":"https:\/\/api.w.org\/{rel}","templated":true}]}}